{"id":6528,"date":"2023-11-14T12:18:46","date_gmt":"2023-11-14T11:18:46","guid":{"rendered":"https:\/\/www.lgcge.fr\/?p=6528"},"modified":"2024-04-09T12:00:10","modified_gmt":"2024-04-09T10:00:10","slug":"reelection-du-directeur-et-de-ses-adjoints","status":"publish","type":"post","link":"https:\/\/www.lgcge.fr\/en\/reelection-du-directeur-et-de-ses-adjoints\/","title":{"rendered":"Re-election of the Director and his assistants"},"content":{"rendered":"<p>L&#8217;\u00e9lection du nouveau Comit\u00e9 de direction du LGCgE s&#8217;est tenue le <strong>vendredi 10 Novembre 2023.<\/strong><\/p>\n\n\n\n<p>L&#8217;ensemble de ses membres ont \u00e9t\u00e9 r\u00e9\u00e9lus \u00e0 l&#8217;unanimit\u00e9, \u00e0 savoir ;<\/p>\n\n\n\n<ul class=\"wp-block-list\"><li>Pr Ali Zaoui r\u00e9\u00e9lu Directeur,<\/li><li>Pr Emmanuel Antczak r\u00e9\u00e9lu Directeur adjoint site Universit\u00e9 d&#8217;Artois,<\/li><li>Pr Nor-Edine Abriak r\u00e9\u00e9lu Directeur adjoint site IMT Nord Europe,<\/li><li>Pr Christophe Waterlot r\u00e9\u00e9lu Directeur adjoint site Junia.<\/li><\/ul>\n\n\n\n<p>Le Conseil de laboratoire est heureux de continuer \u00e0 travailler avec cette \u00e9quipe pour un nouveau mandat. <\/p>\n\n\n\n<p><\/p>\n\n\n<div class=\"wp-block-image\">\n<figure class=\"aligncenter size-large\"><img loading=\"lazy\" decoding=\"async\" width=\"1024\" height=\"439\" src=\"https:\/\/www.lgcge.fr\/wp-content\/uploads\/2023\/11\/PHOTO-GROUPE-redim-1024x439.jpg\" alt=\"\" class=\"wp-image-6529\" srcset=\"https:\/\/www.lgcge.fr\/wp-content\/uploads\/2023\/11\/PHOTO-GROUPE-redim-1024x439.jpg 1024w, https:\/\/www.lgcge.fr\/wp-content\/uploads\/2023\/11\/PHOTO-GROUPE-redim-300x129.jpg 300w, https:\/\/www.lgcge.fr\/wp-content\/uploads\/2023\/11\/PHOTO-GROUPE-redim-768x329.jpg 768w, https:\/\/www.lgcge.fr\/wp-content\/uploads\/2023\/11\/PHOTO-GROUPE-redim-1536x658.jpg 1536w, https:\/\/www.lgcge.fr\/wp-content\/uploads\/2023\/11\/PHOTO-GROUPE-redim-2048x877.jpg 2048w, https:\/\/www.lgcge.fr\/wp-content\/uploads\/2023\/11\/PHOTO-GROUPE-redim-18x8.jpg 18w, https:\/\/www.lgcge.fr\/wp-content\/uploads\/2023\/11\/PHOTO-GROUPE-redim-1320x566.jpg 1320w\" sizes=\"auto, (max-width: 1024px) 100vw, 1024px\" \/><\/figure>\n<\/div>","protected":false},"excerpt":{"rendered":"<p>The election took place on Friday 10th November.<\/p>","protected":false},"author":15305,"featured_media":0,"comment_status":"open","ping_status":"open","sticky":false,"template":"","format":"standard","meta":{"_acf_changed":false,"_bbp_topic_count":0,"_bbp_reply_count":0,"_bbp_total_topic_count":0,"_bbp_total_reply_count":0,"_bbp_voice_count":0,"_bbp_anonymous_reply_count":0,"_bbp_topic_count_hidden":0,"_bbp_reply_count_hidden":0,"_bbp_forum_subforum_count":0,"footnotes":""},"categories":[4],"tags":[],"class_list":["post-6528","post","type-post","status-publish","format-standard","hentry","category-archives"],"acf":[],"_links":{"self":[{"href":"https:\/\/www.lgcge.fr\/en\/wp-json\/wp\/v2\/posts\/6528","targetHints":{"allow":["GET"]}}],"collection":[{"href":"https:\/\/www.lgcge.fr\/en\/wp-json\/wp\/v2\/posts"}],"about":[{"href":"https:\/\/www.lgcge.fr\/en\/wp-json\/wp\/v2\/types\/post"}],"author":[{"embeddable":true,"href":"https:\/\/www.lgcge.fr\/en\/wp-json\/wp\/v2\/users\/15305"}],"replies":[{"embeddable":true,"href":"https:\/\/www.lgcge.fr\/en\/wp-json\/wp\/v2\/comments?post=6528"}],"version-history":[{"count":11,"href":"https:\/\/www.lgcge.fr\/en\/wp-json\/wp\/v2\/posts\/6528\/revisions"}],"predecessor-version":[{"id":6544,"href":"https:\/\/www.lgcge.fr\/en\/wp-json\/wp\/v2\/posts\/6528\/revisions\/6544"}],"wp:attachment":[{"href":"https:\/\/www.lgcge.fr\/en\/wp-json\/wp\/v2\/media?parent=6528"}],"wp:term":[{"taxonomy":"category","embeddable":true,"href":"https:\/\/www.lgcge.fr\/en\/wp-json\/wp\/v2\/categories?post=6528"},{"taxonomy":"post_tag","embeddable":true,"href":"https:\/\/www.lgcge.fr\/en\/wp-json\/wp\/v2\/tags?post=6528"}],"curies":[{"name":"wp","href":"https:\/\/api.w.org\/{rel}","templated":true}]}}